{"id":13270,"date":"2024-03-25T14:16:06","date_gmt":"2024-03-25T14:16:06","guid":{"rendered":"https:\/\/cigales.beecom.dev\/sin-categorizar\/faro-de-contis-en-las-landas\/"},"modified":"2024-04-30T16:10:41","modified_gmt":"2024-04-30T16:10:41","slug":"faro-de-contis-en-las-landas","status":"publish","type":"post","link":"https:\/\/www.camping-les-cigales.fr\/es\/que-ver-que-hacer\/faro-de-contis-en-las-landas\/","title":{"rendered":"Faro de Contis en las Landas"},"content":{"rendered":"<p>Visita el faro de Contis durante tu estancia en las Landas. Para ayudar a los marineros a navegar y vigilar de cerca los barcos que bordeaban la costa, la idea de crear un faro mar\u00edtimo en la zona atrajo a los administradores del departamento. El faro de Contis se construy\u00f3 en 1862 por orden de Napole\u00f3n III, gobernante de la \u00e9poca. Esta decisi\u00f3n hizo las delicias de los marineros y a\u00fan hoy ocupa un lugar importante en la regi\u00f3n de las Landas.<\/p>\n<h2>Lugares imprescindibles en el Pa\u00eds Vasco durante tus vacaciones<\/h2>\n<p>Visita el faro de Contis durante tu <a href=\"http:\/\/cigales.beecom.dev\/camping-landes\/\">estancia en las Landas<\/a>. Para ayudar a los marineros a navegar y vigilar de cerca los barcos que bordeaban la costa, la idea de crear un <b>faro mar\u00edtimo<\/b> en la zona atrajo a los administradores del departamento. El faro de Contis se construy\u00f3 en 1862 por orden de Napole\u00f3n III, gobernante de la \u00e9poca. Esta decisi\u00f3n hizo las delicias de los marineros y a\u00fan hoy ocupa un lugar importante <b>en la regi\u00f3n de las Landas<\/b>.<\/p>\n<p><img loading=\"lazy\" decoding=\"async\" class=\"alignnone wp-image-8865 size-large\" src=\"https:\/\/www.camping-les-cigales.fr\/wp-content\/uploads\/2024\/03\/caracteristique-phares-1024x576.webp\" alt=\"Vista con dron del Faro de Contis\" width=\"1024\" height=\"576\" srcset=\"https:\/\/www.camping-les-cigales.fr\/wp-content\/uploads\/2024\/03\/caracteristique-phares-1024x576.webp 1024w, https:\/\/www.camping-les-cigales.fr\/wp-content\/uploads\/2024\/03\/caracteristique-phares-300x169.webp 300w, https:\/\/www.camping-les-cigales.fr\/wp-content\/uploads\/2024\/03\/caracteristique-phares-768x432.webp 768w, https:\/\/www.camping-les-cigales.fr\/wp-content\/uploads\/2024\/03\/caracteristique-phares-1536x864.webp 1536w, https:\/\/www.camping-les-cigales.fr\/wp-content\/uploads\/2024\/03\/caracteristique-phares-1080x608.webp 1080w, https:\/\/www.camping-les-cigales.fr\/wp-content\/uploads\/2024\/03\/caracteristique-phares-1280x720.webp 1280w, https:\/\/www.camping-les-cigales.fr\/wp-content\/uploads\/2024\/03\/caracteristique-phares-980x551.webp 980w, https:\/\/www.camping-les-cigales.fr\/wp-content\/uploads\/2024\/03\/caracteristique-phares-480x270.webp 480w, https:\/\/www.camping-les-cigales.fr\/wp-content\/uploads\/2024\/03\/caracteristique-phares.jpg 1920w\" sizes=\"(max-width: 1024px) 100vw, 1024px\" \/><\/p>\n<h2>Faro de Contis<\/h2>\n<p>El faro de Contis es un faro de 1\u00aa clase. Se encuentra <b>en el municipio land\u00e9s de Saint-Julien-en-Born<\/b>. Es un <b>monumento emblem\u00e1tico<\/b> para la regi\u00f3n de Las Landas. Es el \u00fanico faro mar\u00edtimo del departamento. Por ello, en 2009 fue declarado <b>monumento hist\u00f3rico<\/b> local. Inicialmente, el faro era de color blanco, pero m\u00e1s tarde se le a\u00f1adi\u00f3 una banda negra que envuelve la torre. Lo que lo hace especial es que es uno de los tres \u00fanicos faros del mundo con este motivo. Esto demuestra que pertenece a la <b>categor\u00eda Barber-Pole<\/b>.<\/p>\n<h2>Caracter\u00edsticas del faro de Contis<\/h2>\n<p>El faro de Contis sigue siendo una aut\u00e9ntica obra maestra en la regi\u00f3n de las Landas. Comenz\u00f3 a funcionar en diciembre de 1863, a pesar de haberse construido un a\u00f1o antes. Situado en el coraz\u00f3n del bosque, el faro est\u00e1 <b>a 15 kil\u00f3metros de Mimizan<\/b> y a 5 kil\u00f3metros del oc\u00e9ano Atl\u00e1ntico, con una elevaci\u00f3n de 41,5 metros sobre el nivel del mar.<\/p>\n<p>La torre tiene 38 metros de altura, pero con su linterna alcanza los 50 metros sobre el nivel del mar. Desde 1999, el faro de Contis funciona autom\u00e1ticamente si antes lo encienden los guardianes. Su linterna incorpora una l\u00e1mpara hal\u00f3gena de 180 vatios con un alcance de 42 kil\u00f3metros. Emite <b>4 destellos blancos cada 25 segundos<\/b>. Para llegar a lo alto de la torre y disfrutar de la vista, tienes que subir los 183 pelda\u00f1os de su escalera de hierro fundido.<\/p>\n<p>El faro de Contis est\u00e1 abierto al p\u00fablico desde <b>finales de abril hasta finales de septiembre<\/b>. Sin embargo, la entrada cuesta 3 euros para todos los mayores de 12 a\u00f1os. Para los menores de 3 a\u00f1os, sigue siendo gratuito. Los interesados pueden tanto disfrutar de la belleza de la torre como visitar el peque\u00f1o museo que alberga&#8230;<\/p>\n<p>&nbsp;<\/p>\n","protected":false},"excerpt":{"rendered":"<p>Visita el faro de Contis durante tu estancia en las Landas. Para ayudar a los marineros a navegar y vigilar de cerca los barcos que bordeaban la costa, la idea de crear un faro mar\u00edtimo en la zona atrajo a los administradores del departamento. El faro de Contis se construy\u00f3 en 1862 por orden de [&hellip;]<\/p>\n","protected":false},"author":1,"featured_media":12163,"comment_status":"open","ping_status":"closed","sticky":false,"template":"","format":"standard","meta":{"_acf_changed":false,"_et_pb_use_builder":"","_et_pb_old_content":"","_et_gb_content_width":"","inline_featured_image":false,"footnotes":""},"categories":[89],"tags":[],"class_list":["post-13270","post","type-post","status-publish","format-standard","has-post-thumbnail","hentry","category-que-ver-que-hacer"],"acf":[],"yoast_head":"<!-- This site is optimized with the Yoast SEO plugin v27.5 - https:\/\/yoast.com\/product\/yoast-seo-wordpress\/ -->\n<title>Faro de Contis en las Landas | Visita el faro de Contis<\/title>\n<meta name=\"description\" content=\"\u00a1Descubre el faro de Contis durante tu estancia en las Landas! Este m\u00edtico faro es una visita obligada para cualquier senderista.\" \/>\n<meta name=\"robots\" content=\"index, follow, max-snippet:-1, max-image-preview:large, max-video-preview:-1\" \/>\n<link rel=\"canonical\" href=\"https:\/\/www.camping-les-cigales.fr\/es\/que-ver-que-hacer\/faro-de-contis-en-las-landas\/\" \/>\n<meta property=\"og:locale\" content=\"es_ES\" \/>\n<meta property=\"og:type\" content=\"article\" \/>\n<meta property=\"og:title\" content=\"Faro de Contis en las Landas | Visita el faro de Contis\" \/>\n<meta property=\"og:description\" content=\"\u00a1Descubre el faro de Contis durante tu estancia en las Landas! Este m\u00edtico faro es una visita obligada para cualquier senderista.\" \/>\n<meta property=\"og:url\" content=\"https:\/\/www.camping-les-cigales.fr\/es\/que-ver-que-hacer\/faro-de-contis-en-las-landas\/\" \/>\n<meta property=\"og:site_name\" content=\"Camping Moliets Plage, LANDES | Vacances camping dans les Landes Oc\u00e9an Atlantique\" \/>\n<meta property=\"article:published_time\" content=\"2024-03-25T14:16:06+00:00\" \/>\n<meta property=\"article:modified_time\" content=\"2024-04-30T16:10:41+00:00\" \/>\n<meta property=\"og:image\" content=\"https:\/\/www.camping-les-cigales.fr\/wp-content\/uploads\/2024\/03\/phare-contis-landes.jpg\" \/>\n\t<meta property=\"og:image:width\" content=\"1828\" \/>\n\t<meta property=\"og:image:height\" content=\"1080\" \/>\n\t<meta property=\"og:image:type\" content=\"image\/jpeg\" \/>\n<meta name=\"author\" content=\"admin\" \/>\n<meta name=\"twitter:card\" content=\"summary_large_image\" \/>\n<meta name=\"twitter:label1\" content=\"Escrito por\" \/>\n\t<meta name=\"twitter:data1\" content=\"admin\" \/>\n\t<meta name=\"twitter:label2\" content=\"Tiempo de lectura\" \/>\n\t<meta name=\"twitter:data2\" content=\"3 minutos\" \/>\n<script type=\"application\/ld+json\" class=\"yoast-schema-graph\">{\"@context\":\"https:\\\/\\\/schema.org\",\"@graph\":[{\"@type\":\"Article\",\"@id\":\"https:\\\/\\\/www.camping-les-cigales.fr\\\/es\\\/que-ver-que-hacer\\\/faro-de-contis-en-las-landas\\\/#article\",\"isPartOf\":{\"@id\":\"https:\\\/\\\/www.camping-les-cigales.fr\\\/es\\\/que-ver-que-hacer\\\/faro-de-contis-en-las-landas\\\/\"},\"author\":{\"name\":\"admin\",\"@id\":\"https:\\\/\\\/www.camping-les-cigales.fr\\\/es\\\/#\\\/schema\\\/person\\\/0fa78d51b19299a12ddc2cba26500460\"},\"headline\":\"Faro de Contis en las Landas\",\"datePublished\":\"2024-03-25T14:16:06+00:00\",\"dateModified\":\"2024-04-30T16:10:41+00:00\",\"mainEntityOfPage\":{\"@id\":\"https:\\\/\\\/www.camping-les-cigales.fr\\\/es\\\/que-ver-que-hacer\\\/faro-de-contis-en-las-landas\\\/\"},\"wordCount\":499,\"commentCount\":0,\"image\":{\"@id\":\"https:\\\/\\\/www.camping-les-cigales.fr\\\/es\\\/que-ver-que-hacer\\\/faro-de-contis-en-las-landas\\\/#primaryimage\"},\"thumbnailUrl\":\"https:\\\/\\\/www.camping-les-cigales.fr\\\/wp-content\\\/uploads\\\/2024\\\/03\\\/phare-contis-landes.jpg\",\"articleSection\":[\"Qu\u00e9 ver Qu\u00e9 hacer\"],\"inLanguage\":\"es\",\"potentialAction\":[{\"@type\":\"CommentAction\",\"name\":\"Comment\",\"target\":[\"https:\\\/\\\/www.camping-les-cigales.fr\\\/es\\\/que-ver-que-hacer\\\/faro-de-contis-en-las-landas\\\/#respond\"]}]},{\"@type\":\"WebPage\",\"@id\":\"https:\\\/\\\/www.camping-les-cigales.fr\\\/es\\\/que-ver-que-hacer\\\/faro-de-contis-en-las-landas\\\/\",\"url\":\"https:\\\/\\\/www.camping-les-cigales.fr\\\/es\\\/que-ver-que-hacer\\\/faro-de-contis-en-las-landas\\\/\",\"name\":\"Faro de Contis en las Landas | Visita el faro de Contis\",\"isPartOf\":{\"@id\":\"https:\\\/\\\/www.camping-les-cigales.fr\\\/es\\\/#website\"},\"primaryImageOfPage\":{\"@id\":\"https:\\\/\\\/www.camping-les-cigales.fr\\\/es\\\/que-ver-que-hacer\\\/faro-de-contis-en-las-landas\\\/#primaryimage\"},\"image\":{\"@id\":\"https:\\\/\\\/www.camping-les-cigales.fr\\\/es\\\/que-ver-que-hacer\\\/faro-de-contis-en-las-landas\\\/#primaryimage\"},\"thumbnailUrl\":\"https:\\\/\\\/www.camping-les-cigales.fr\\\/wp-content\\\/uploads\\\/2024\\\/03\\\/phare-contis-landes.jpg\",\"datePublished\":\"2024-03-25T14:16:06+00:00\",\"dateModified\":\"2024-04-30T16:10:41+00:00\",\"author\":{\"@id\":\"https:\\\/\\\/www.camping-les-cigales.fr\\\/es\\\/#\\\/schema\\\/person\\\/0fa78d51b19299a12ddc2cba26500460\"},\"description\":\"\u00a1Descubre el faro de Contis durante tu estancia en las Landas! Este m\u00edtico faro es una visita obligada para cualquier senderista.\",\"breadcrumb\":{\"@id\":\"https:\\\/\\\/www.camping-les-cigales.fr\\\/es\\\/que-ver-que-hacer\\\/faro-de-contis-en-las-landas\\\/#breadcrumb\"},\"inLanguage\":\"es\",\"potentialAction\":[{\"@type\":\"ReadAction\",\"target\":[\"https:\\\/\\\/www.camping-les-cigales.fr\\\/es\\\/que-ver-que-hacer\\\/faro-de-contis-en-las-landas\\\/\"]}]},{\"@type\":\"ImageObject\",\"inLanguage\":\"es\",\"@id\":\"https:\\\/\\\/www.camping-les-cigales.fr\\\/es\\\/que-ver-que-hacer\\\/faro-de-contis-en-las-landas\\\/#primaryimage\",\"url\":\"https:\\\/\\\/www.camping-les-cigales.fr\\\/wp-content\\\/uploads\\\/2024\\\/03\\\/phare-contis-landes.jpg\",\"contentUrl\":\"https:\\\/\\\/www.camping-les-cigales.fr\\\/wp-content\\\/uploads\\\/2024\\\/03\\\/phare-contis-landes.jpg\",\"width\":1828,\"height\":1080,\"caption\":\"phare de Contis\"},{\"@type\":\"BreadcrumbList\",\"@id\":\"https:\\\/\\\/www.camping-les-cigales.fr\\\/es\\\/que-ver-que-hacer\\\/faro-de-contis-en-las-landas\\\/#breadcrumb\",\"itemListElement\":[{\"@type\":\"ListItem\",\"position\":1,\"name\":\"Camping Landas\",\"item\":\"https:\\\/\\\/www.camping-les-cigales.fr\\\/es\\\/\"},{\"@type\":\"ListItem\",\"position\":2,\"name\":\"Qu\u00e9 ver Qu\u00e9 hacer\",\"item\":\"https:\\\/\\\/www.camping-les-cigales.fr\\\/es\\\/.\\\/que-ver-que-hacer\\\/\"},{\"@type\":\"ListItem\",\"position\":3,\"name\":\"Faro de Contis en las Landas\"}]},{\"@type\":\"WebSite\",\"@id\":\"https:\\\/\\\/www.camping-les-cigales.fr\\\/es\\\/#website\",\"url\":\"https:\\\/\\\/www.camping-les-cigales.fr\\\/es\\\/\",\"name\":\"Camping Moliets Plage, LANDES | Vacances camping dans les Landes Oc\u00e9an Atlantique\",\"description\":\"\",\"potentialAction\":[{\"@type\":\"SearchAction\",\"target\":{\"@type\":\"EntryPoint\",\"urlTemplate\":\"https:\\\/\\\/www.camping-les-cigales.fr\\\/es\\\/?s={search_term_string}\"},\"query-input\":{\"@type\":\"PropertyValueSpecification\",\"valueRequired\":true,\"valueName\":\"search_term_string\"}}],\"inLanguage\":\"es\"},{\"@type\":\"Person\",\"@id\":\"https:\\\/\\\/www.camping-les-cigales.fr\\\/es\\\/#\\\/schema\\\/person\\\/0fa78d51b19299a12ddc2cba26500460\",\"name\":\"admin\",\"image\":{\"@type\":\"ImageObject\",\"inLanguage\":\"es\",\"@id\":\"https:\\\/\\\/secure.gravatar.com\\\/avatar\\\/9ee26ac44e64020821f0d77db3dc2c7eaad2dcbfc1934ed2bb823f3d38dd21e3?s=96&d=mm&r=g\",\"url\":\"https:\\\/\\\/secure.gravatar.com\\\/avatar\\\/9ee26ac44e64020821f0d77db3dc2c7eaad2dcbfc1934ed2bb823f3d38dd21e3?s=96&d=mm&r=g\",\"contentUrl\":\"https:\\\/\\\/secure.gravatar.com\\\/avatar\\\/9ee26ac44e64020821f0d77db3dc2c7eaad2dcbfc1934ed2bb823f3d38dd21e3?s=96&d=mm&r=g\",\"caption\":\"admin\"},\"sameAs\":[\"https:\\\/\\\/www.camping-les-cigales.fr\"],\"url\":\"https:\\\/\\\/www.camping-les-cigales.fr\\\/es\\\/author\\\/beecom_qki35grwc7xx2i9d\\\/\"}]}<\/script>\n<!-- \/ Yoast SEO plugin. -->","yoast_head_json":{"title":"Faro de Contis en las Landas | Visita el faro de Contis","description":"\u00a1Descubre el faro de Contis durante tu estancia en las Landas! Este m\u00edtico faro es una visita obligada para cualquier senderista.","robots":{"index":"index","follow":"follow","max-snippet":"max-snippet:-1","max-image-preview":"max-image-preview:large","max-video-preview":"max-video-preview:-1"},"canonical":"https:\/\/www.camping-les-cigales.fr\/es\/que-ver-que-hacer\/faro-de-contis-en-las-landas\/","og_locale":"es_ES","og_type":"article","og_title":"Faro de Contis en las Landas | Visita el faro de Contis","og_description":"\u00a1Descubre el faro de Contis durante tu estancia en las Landas! Este m\u00edtico faro es una visita obligada para cualquier senderista.","og_url":"https:\/\/www.camping-les-cigales.fr\/es\/que-ver-que-hacer\/faro-de-contis-en-las-landas\/","og_site_name":"Camping Moliets Plage, LANDES | Vacances camping dans les Landes Oc\u00e9an Atlantique","article_published_time":"2024-03-25T14:16:06+00:00","article_modified_time":"2024-04-30T16:10:41+00:00","og_image":[{"width":1828,"height":1080,"url":"https:\/\/www.camping-les-cigales.fr\/wp-content\/uploads\/2024\/03\/phare-contis-landes.jpg","type":"image\/jpeg"}],"author":"admin","twitter_card":"summary_large_image","twitter_misc":{"Escrito por":"admin","Tiempo de lectura":"3 minutos"},"schema":{"@context":"https:\/\/schema.org","@graph":[{"@type":"Article","@id":"https:\/\/www.camping-les-cigales.fr\/es\/que-ver-que-hacer\/faro-de-contis-en-las-landas\/#article","isPartOf":{"@id":"https:\/\/www.camping-les-cigales.fr\/es\/que-ver-que-hacer\/faro-de-contis-en-las-landas\/"},"author":{"name":"admin","@id":"https:\/\/www.camping-les-cigales.fr\/es\/#\/schema\/person\/0fa78d51b19299a12ddc2cba26500460"},"headline":"Faro de Contis en las Landas","datePublished":"2024-03-25T14:16:06+00:00","dateModified":"2024-04-30T16:10:41+00:00","mainEntityOfPage":{"@id":"https:\/\/www.camping-les-cigales.fr\/es\/que-ver-que-hacer\/faro-de-contis-en-las-landas\/"},"wordCount":499,"commentCount":0,"image":{"@id":"https:\/\/www.camping-les-cigales.fr\/es\/que-ver-que-hacer\/faro-de-contis-en-las-landas\/#primaryimage"},"thumbnailUrl":"https:\/\/www.camping-les-cigales.fr\/wp-content\/uploads\/2024\/03\/phare-contis-landes.jpg","articleSection":["Qu\u00e9 ver Qu\u00e9 hacer"],"inLanguage":"es","potentialAction":[{"@type":"CommentAction","name":"Comment","target":["https:\/\/www.camping-les-cigales.fr\/es\/que-ver-que-hacer\/faro-de-contis-en-las-landas\/#respond"]}]},{"@type":"WebPage","@id":"https:\/\/www.camping-les-cigales.fr\/es\/que-ver-que-hacer\/faro-de-contis-en-las-landas\/","url":"https:\/\/www.camping-les-cigales.fr\/es\/que-ver-que-hacer\/faro-de-contis-en-las-landas\/","name":"Faro de Contis en las Landas | Visita el faro de Contis","isPartOf":{"@id":"https:\/\/www.camping-les-cigales.fr\/es\/#website"},"primaryImageOfPage":{"@id":"https:\/\/www.camping-les-cigales.fr\/es\/que-ver-que-hacer\/faro-de-contis-en-las-landas\/#primaryimage"},"image":{"@id":"https:\/\/www.camping-les-cigales.fr\/es\/que-ver-que-hacer\/faro-de-contis-en-las-landas\/#primaryimage"},"thumbnailUrl":"https:\/\/www.camping-les-cigales.fr\/wp-content\/uploads\/2024\/03\/phare-contis-landes.jpg","datePublished":"2024-03-25T14:16:06+00:00","dateModified":"2024-04-30T16:10:41+00:00","author":{"@id":"https:\/\/www.camping-les-cigales.fr\/es\/#\/schema\/person\/0fa78d51b19299a12ddc2cba26500460"},"description":"\u00a1Descubre el faro de Contis durante tu estancia en las Landas! Este m\u00edtico faro es una visita obligada para cualquier senderista.","breadcrumb":{"@id":"https:\/\/www.camping-les-cigales.fr\/es\/que-ver-que-hacer\/faro-de-contis-en-las-landas\/#breadcrumb"},"inLanguage":"es","potentialAction":[{"@type":"ReadAction","target":["https:\/\/www.camping-les-cigales.fr\/es\/que-ver-que-hacer\/faro-de-contis-en-las-landas\/"]}]},{"@type":"ImageObject","inLanguage":"es","@id":"https:\/\/www.camping-les-cigales.fr\/es\/que-ver-que-hacer\/faro-de-contis-en-las-landas\/#primaryimage","url":"https:\/\/www.camping-les-cigales.fr\/wp-content\/uploads\/2024\/03\/phare-contis-landes.jpg","contentUrl":"https:\/\/www.camping-les-cigales.fr\/wp-content\/uploads\/2024\/03\/phare-contis-landes.jpg","width":1828,"height":1080,"caption":"phare de Contis"},{"@type":"BreadcrumbList","@id":"https:\/\/www.camping-les-cigales.fr\/es\/que-ver-que-hacer\/faro-de-contis-en-las-landas\/#breadcrumb","itemListElement":[{"@type":"ListItem","position":1,"name":"Camping Landas","item":"https:\/\/www.camping-les-cigales.fr\/es\/"},{"@type":"ListItem","position":2,"name":"Qu\u00e9 ver Qu\u00e9 hacer","item":"https:\/\/www.camping-les-cigales.fr\/es\/.\/que-ver-que-hacer\/"},{"@type":"ListItem","position":3,"name":"Faro de Contis en las Landas"}]},{"@type":"WebSite","@id":"https:\/\/www.camping-les-cigales.fr\/es\/#website","url":"https:\/\/www.camping-les-cigales.fr\/es\/","name":"Camping Moliets Plage, LANDES | Vacances camping dans les Landes Oc\u00e9an Atlantique","description":"","potentialAction":[{"@type":"SearchAction","target":{"@type":"EntryPoint","urlTemplate":"https:\/\/www.camping-les-cigales.fr\/es\/?s={search_term_string}"},"query-input":{"@type":"PropertyValueSpecification","valueRequired":true,"valueName":"search_term_string"}}],"inLanguage":"es"},{"@type":"Person","@id":"https:\/\/www.camping-les-cigales.fr\/es\/#\/schema\/person\/0fa78d51b19299a12ddc2cba26500460","name":"admin","image":{"@type":"ImageObject","inLanguage":"es","@id":"https:\/\/secure.gravatar.com\/avatar\/9ee26ac44e64020821f0d77db3dc2c7eaad2dcbfc1934ed2bb823f3d38dd21e3?s=96&d=mm&r=g","url":"https:\/\/secure.gravatar.com\/avatar\/9ee26ac44e64020821f0d77db3dc2c7eaad2dcbfc1934ed2bb823f3d38dd21e3?s=96&d=mm&r=g","contentUrl":"https:\/\/secure.gravatar.com\/avatar\/9ee26ac44e64020821f0d77db3dc2c7eaad2dcbfc1934ed2bb823f3d38dd21e3?s=96&d=mm&r=g","caption":"admin"},"sameAs":["https:\/\/www.camping-les-cigales.fr"],"url":"https:\/\/www.camping-les-cigales.fr\/es\/author\/beecom_qki35grwc7xx2i9d\/"}]}},"_links":{"self":[{"href":"https:\/\/www.camping-les-cigales.fr\/es\/wp-json\/wp\/v2\/posts\/13270","targetHints":{"allow":["GET"]}}],"collection":[{"href":"https:\/\/www.camping-les-cigales.fr\/es\/wp-json\/wp\/v2\/posts"}],"about":[{"href":"https:\/\/www.camping-les-cigales.fr\/es\/wp-json\/wp\/v2\/types\/post"}],"author":[{"embeddable":true,"href":"https:\/\/www.camping-les-cigales.fr\/es\/wp-json\/wp\/v2\/users\/1"}],"replies":[{"embeddable":true,"href":"https:\/\/www.camping-les-cigales.fr\/es\/wp-json\/wp\/v2\/comments?post=13270"}],"version-history":[{"count":1,"href":"https:\/\/www.camping-les-cigales.fr\/es\/wp-json\/wp\/v2\/posts\/13270\/revisions"}],"predecessor-version":[{"id":14531,"href":"https:\/\/www.camping-les-cigales.fr\/es\/wp-json\/wp\/v2\/posts\/13270\/revisions\/14531"}],"wp:featuredmedia":[{"embeddable":true,"href":"https:\/\/www.camping-les-cigales.fr\/es\/wp-json\/wp\/v2\/media\/12163"}],"wp:attachment":[{"href":"https:\/\/www.camping-les-cigales.fr\/es\/wp-json\/wp\/v2\/media?parent=13270"}],"wp:term":[{"taxonomy":"category","embeddable":true,"href":"https:\/\/www.camping-les-cigales.fr\/es\/wp-json\/wp\/v2\/categories?post=13270"},{"taxonomy":"post_tag","embeddable":true,"href":"https:\/\/www.camping-les-cigales.fr\/es\/wp-json\/wp\/v2\/tags?post=13270"}],"curies":[{"name":"wp","href":"https:\/\/api.w.org\/{rel}","templated":true}]}}